{"id":4411,"date":"2026-08-30T22:16:00","date_gmt":"2026-08-30T22:16:00","guid":{"rendered":"https:\/\/les-combes-cachees.fr\/?p=4411"},"modified":"2026-08-30T22:17:40","modified_gmt":"2026-08-30T22:17:40","slug":"vendanges-2026-cest-parti","status":"publish","type":"post","link":"https:\/\/les-combes-cachees.fr\/en\/vendanges-2026-cest-parti\/","title":{"rendered":"Vendanges 2026 : c&rsquo;est parti"},"content":{"rendered":"<p class=\"wp-block-paragraph\">&nbsp;&nbsp;&nbsp;&nbsp;&nbsp;&nbsp;&nbsp;&nbsp;&nbsp;&nbsp;&nbsp;&nbsp;&nbsp;&nbsp;La p\u00e9riode des vendanges est toujours celle de l\u2019espoir et des incertitudes, et des d\u00e9cisions \u00e0 prendre au jour le jour au fil de la m\u00e9t\u00e9o\u2026<\/p>\n\n\n\n<p class=\"wp-block-paragraph\">Dans le Haut Languedoc, l\u2019hiver g\u00e9n\u00e9reusement pluvieux et le printemps favorable ont reconstitu\u00e9 les r\u00e9serves d\u2019eau essentielles \u00e0 nos vignes, apr\u00e8s plusieurs ann\u00e9es s\u00e8ches. Malgr\u00e9 une chaleur estivale qui a ralenti la maturit\u00e9 des raisins, le retour tant attendu de la pluie fin ao\u00fbt, avec 30 mm en 20 minutes, violent mais sans d\u00e9g\u00e2t, a fait beaucoup de bien aux vignes apr\u00e8s deux mois sans pluie&#8230;. Nos vendanges 2026 ont d\u00e9but\u00e9 le 25 ao\u00fbt avec le Viognier. Cette ann\u00e9e, et pour la premi\u00e8re fois, nos blancs sont en avance d\u2019une bonne semaine. Les rouges syrah, grenache, carignan et cinsault sont prometteurs. Mais, pr\u00e9serv\u00e9s par un terroir et une climatologie bien particuliers, il faudra attendre vers le 10 septembre pour ramasser notre premier rouge, premi\u00e8re syrah.<\/p>\n\n\n\n<p class=\"wp-block-paragraph\">&nbsp;&nbsp;&nbsp;&nbsp;&nbsp;&nbsp;&nbsp;&nbsp;&nbsp;&nbsp;&nbsp;&nbsp;&nbsp;&nbsp;Nous vendangeons \u00e0 la main et d\u00e9cidons des dates de vendanges au jour le jour parcelle \u00e0 parcelle de fa\u00e7on \u00e0 vendanger \u00e0 parfaite maturit\u00e9. Avec parfois plusieurs jours de pause entre 2 parcelles. Fin des vendanges estim\u00e9e d\u00e9but octobre.<\/p>\n\n\n\n<p class=\"wp-block-paragraph\"><\/p>","protected":false},"excerpt":{"rendered":"<p>&nbsp;&nbsp;&nbsp;&nbsp;&nbsp;&nbsp;&nbsp;&nbsp;&nbsp;&nbsp;&nbsp;&nbsp;&nbsp;&nbsp;La p\u00e9riode des vendanges est toujours celle de l\u2019espoir et des incertitudes, et des d\u00e9cisions \u00e0 prendre au jour le jour au fil de la m\u00e9t\u00e9o\u2026 Dans le Haut Languedoc, l\u2019hiver g\u00e9n\u00e9reusement pluvieux et le printemps favorable ont reconstitu\u00e9 les r\u00e9serves d\u2019eau essentielles \u00e0 nos vignes, apr\u00e8s plusieurs ann\u00e9es s\u00e8ches. Malgr\u00e9 une chaleur estivale qui [&hellip;]<\/p>\n","protected":false},"author":2,"featured_media":4412,"comment_status":"open","ping_status":"open","sticky":false,"template":"","format":"standard","meta":{"_et_pb_use_builder":"off","_et_pb_old_content":"","_et_gb_content_width":"","inline_featured_image":false,"footnotes":""},"categories":[1],"tags":[],"class_list":["post-4411","post","type-post","status-publish","format-standard","has-post-thumbnail","hentry","category-uncategorized"],"_links":{"self":[{"href":"https:\/\/les-combes-cachees.fr\/en\/wp-json\/wp\/v2\/posts\/4411","targetHints":{"allow":["GET"]}}],"collection":[{"href":"https:\/\/les-combes-cachees.fr\/en\/wp-json\/wp\/v2\/posts"}],"about":[{"href":"https:\/\/les-combes-cachees.fr\/en\/wp-json\/wp\/v2\/types\/post"}],"author":[{"embeddable":true,"href":"https:\/\/les-combes-cachees.fr\/en\/wp-json\/wp\/v2\/users\/2"}],"replies":[{"embeddable":true,"href":"https:\/\/les-combes-cachees.fr\/en\/wp-json\/wp\/v2\/comments?post=4411"}],"version-history":[{"count":1,"href":"https:\/\/les-combes-cachees.fr\/en\/wp-json\/wp\/v2\/posts\/4411\/revisions"}],"predecessor-version":[{"id":4415,"href":"https:\/\/les-combes-cachees.fr\/en\/wp-json\/wp\/v2\/posts\/4411\/revisions\/4415"}],"wp:featuredmedia":[{"embeddable":true,"href":"https:\/\/les-combes-cachees.fr\/en\/wp-json\/wp\/v2\/media\/4412"}],"wp:attachment":[{"href":"https:\/\/les-combes-cachees.fr\/en\/wp-json\/wp\/v2\/media?parent=4411"}],"wp:term":[{"taxonomy":"category","embeddable":true,"href":"https:\/\/les-combes-cachees.fr\/en\/wp-json\/wp\/v2\/categories?post=4411"},{"taxonomy":"post_tag","embeddable":true,"href":"https:\/\/les-combes-cachees.fr\/en\/wp-json\/wp\/v2\/tags?post=4411"}],"curies":[{"name":"wp","href":"https:\/\/api.w.org\/{rel}","templated":true}]}}